{"id":902,"date":"2025-11-14T18:34:26","date_gmt":"2025-11-14T17:34:26","guid":{"rendered":"https:\/\/www.nicolasphilibert.fr\/?post_type=presse&#038;p=902"},"modified":"2025-11-14T18:34:26","modified_gmt":"2025-11-14T17:34:26","slug":"reparation-generale","status":"publish","type":"presse","link":"https:\/\/www.nicolasphilibert.fr\/en\/presse\/reparation-generale\/","title":{"rendered":"R\u00e9paration g\u00e9n\u00e9rale"},"content":{"rendered":"","protected":false},"featured_media":0,"template":"","class_list":["post-902","presse","type-presse","status-publish","hentry"],"acf":[],"_links":{"self":[{"href":"https:\/\/www.nicolasphilibert.fr\/en\/wp-json\/wp\/v2\/presse\/902","targetHints":{"allow":["GET"]}}],"collection":[{"href":"https:\/\/www.nicolasphilibert.fr\/en\/wp-json\/wp\/v2\/presse"}],"about":[{"href":"https:\/\/www.nicolasphilibert.fr\/en\/wp-json\/wp\/v2\/types\/presse"}],"wp:attachment":[{"href":"https:\/\/www.nicolasphilibert.fr\/en\/wp-json\/wp\/v2\/media?parent=902"}],"curies":[{"name":"wp","href":"https:\/\/api.w.org\/{rel}","templated":true}]}}