{"id":948,"date":"2025-11-16T17:48:18","date_gmt":"2025-11-16T16:48:18","guid":{"rendered":"https:\/\/www.nicolasphilibert.fr\/?post_type=presse&#038;p=948"},"modified":"2025-11-16T21:23:13","modified_gmt":"2025-11-16T20:23:13","slug":"a-qui-appartient-la-television","status":"publish","type":"presse","link":"https:\/\/www.nicolasphilibert.fr\/en\/presse\/a-qui-appartient-la-television\/","title":{"rendered":"\u00c0 qui appartient la t\u00e9l\u00e9vision ?"},"content":{"rendered":"","protected":false},"featured_media":0,"template":"","class_list":["post-948","presse","type-presse","status-publish","hentry"],"acf":[],"_links":{"self":[{"href":"https:\/\/www.nicolasphilibert.fr\/en\/wp-json\/wp\/v2\/presse\/948","targetHints":{"allow":["GET"]}}],"collection":[{"href":"https:\/\/www.nicolasphilibert.fr\/en\/wp-json\/wp\/v2\/presse"}],"about":[{"href":"https:\/\/www.nicolasphilibert.fr\/en\/wp-json\/wp\/v2\/types\/presse"}],"wp:attachment":[{"href":"https:\/\/www.nicolasphilibert.fr\/en\/wp-json\/wp\/v2\/media?parent=948"}],"curies":[{"name":"wp","href":"https:\/\/api.w.org\/{rel}","templated":true}]}}